{"id":1265,"date":"2026-09-05T08:30:04","date_gmt":"2026-09-05T08:30:04","guid":{"rendered":"https:\/\/pittermanns-scholl.de\/index.php\/2026\/09\/05\/wie-duesseldorw-zo-sinne-schotzpatron-kom-91458390\/"},"modified":"2026-09-05T08:30:04","modified_gmt":"2026-09-05T08:30:04","slug":"wie-duesseldorw-zo-sinne-schotzpatron-kom-91458390","status":"publish","type":"post","link":"https:\/\/pittermanns-scholl.de\/index.php\/2026\/09\/05\/wie-duesseldorw-zo-sinne-schotzpatron-kom-91458390\/","title":{"rendered":"Wie D\u00fcsseldorw zo sinne Schotzpatron kom"},"content":{"rendered":"<p>Wie D\u00fcsseldorw zo sinne Schotzpatron kom<\/p>\n<p>Odder: D\u00e4 Hilleje, den mr en Remaje \u201eafholte\u201c, ohn f\u00f6r zo frare, wann he noh Huus moss<\/p>\n<p>D\u00fcsseldorw h\u00e4t bekanntlech Vellerlei: de Rhing, de l\u00e4ngsde Thek op dr Welt, ne scheefe Kerketurem on de fest \u00d6werzeujong, dat mr op dr rechteje \u201eSch\u00e4l Sit\u201c vom Rhing l\u00e4vt. Blo\u00df ene eejen Schotzpatron hadde de Stadt em Meddelalder zon\u00e4chs nit jehatt. Dat konnt nat\u00f6rlech nit so blieve. En Resedenzstadt, die jett w\u00e4hde well, bruchte schlee\u00dflech jett Hillejet. On weil dr Onleinhandel em Johr 1383 noch nit besongersch pingelech jenau funxijoneeren d\u00e4t, h\u00e4t Herzoch Wellem I. von Berech offebar met sech afjemaht , de Sach selvs en de Hangk zo n\u00e4hme.  \u00c4wer, fange mer von v\u00f6re aan!  Ne Bischop us Antiochia, wat wiet fott ess Noh \u00d6werleeferong von de Kerk, k\u00fctt Apollenaris us Antiochia, ne wechteje Stadt en de Antiek im Jebiet von d\u00e4 T\u00f6rkei vo h\u00fctt. H\u00e4 wohd Bischop von Ravenna on storv vermodlech em zwedde Johrhongert als wies ne M\u00e4rtyrer f\u00f6r sinne chressleche Jloov.<br>\nWat af jezz historesch ohn Zwiefel zo bel\u00e4je ess, l\u00f6sst sech h\u00fct blo\u00df noh schwier eruskreeje. Zwesche Apollenaris on ons leeje schlee\u00dflech fass 2.000 Johr \u2013 on anno Piefedeckel wohd noh nit jedereen Deensreis bei d\u00e4m Instajram opjeschrieve.<br>\nEens ess jewess: Apollenaris wohd als Hilleje verehrt, on sinn st\u00e4rvleche \u00d6verreste send w\u00e4htvolle Kn\u00f6ckskes. Em Meddelalder wore solche Kn\u00f6ckskes nit blo\u00df rellij\u00f6se Erennerongsst\u00f6ck. Se bed\u00fcde:  Aankicke, Peljer, Handel on Einnohme.<br>\nEne ber\u00f6hmde Hilleje wor anno Piefedeckel onjef\u00e4hr jenau so jood , als wies h\u00fctt ne joode Mess, ne jroode Fo\u00dfballvereen on ne Chressmaht met ne staatse Bes\u00f6hk zesamme.<\/p>\n<p>Et Scheff, dat bei Remaje nit wieder fahre wollt<\/p>\n<p>De Lejende noh, wohde de Kn\u00f6ckskes von d\u00e4m Apollenaris em Johr 1164 zesamme met ne Hoope angere Hillechd\u00f6mer op enem Scheff de Rhing eronger jebraht. Jenau op d\u00e4m Scheff solle ooch de Kn\u00f6ckskes von d\u00e4nne Hillije Drei K\u00f6nije jew\u00e4se sin, die d\u00e4 k\u00f6lsche \u00c4hzbischop Rainald von Dassel noh K\u00f6lle h\u00e4t brenge losse.<br>\nSe wore jerad bei Remajen, do passerden jett janz Wonderlejes: Dat Scheff blievt  aanj\u00e4vlech leeje. Et jing nimmieh. Nix noh v\u00f6re, nix noh hinge!<br>\nDe janze Scheffsl\u00fctt hant jerodert, jetrocke, jeschove, se hant jeb\u00e4dt on dorfde erjenswann ooch anjefange hant, sech j\u00e4jeseitech de Schold zo j\u00e4ve. D\u00e4 Rhing zeichden sech onbeendr\u00f6ckt. Ehsch nohd\u00e4m de Kn\u00f6ckskes von d\u00e4m Apollinaris am Ofer wore, konnt dat Scheff wieder fahre.  Dat Zeeche wor f\u00f6r at Vollek anno Piefedeckel klor: D\u00e4 Hilleje wollt en Remajen blieve.  On wenn ene Hilleje all schon so klor sinne Wonsch s\u00e4ht, dat h\u00e4 blieve well, deskodeert mr nit ewech.<br>\nOp eenem Berg tireck bei Remaje han de Mensche ene kleene Kerk jebaut on dr Berg nannden se Apollinarisberg. Vell Peljer send jekomme, hadde jeb\u00e4dt on se mossde schlope, esse on drenke. Remajen hadde domet nit blo\u00df ene Hilleje, s\u00f6ndern ooch ene rechtech joode Quell f\u00f6r janz vell Moppe. De Jeschecht vom Scheff, dat nit wieder wollt, ess allerdengs enne echt Hist\u00f6rche on op dat so rechtech ess, kann kinner  nit bel\u00e4je.<\/p>\n<p>Dann kom d\u00e4 Herzoch us D\u00fcsseldorw<\/p>\n<p>Mieh wie 200 Johr sp\u00e4der, zemlech jenau 1383, trock Herzoch Wellem I. met ne P\u00f6ngel L\u00fctt noh Remaje. De pollitesche Sittewazziijon am \u00c4ng vom 14. Johrhongert wor \u00e4rch komplezert, de Ambij\u00e4nte dat offebar \u00e4wefalls \u2013 on am \u00c4nd wohd de Stadt \u00f6werfalle. Dobei ess d\u00e4  jr\u00f6ttsde Deel von dem Apollenaris sin Kn\u00f6ckskes en de H\u00e4ngk vom Herzoch jefalle. Wellem nohm de Jebeen met noh D\u00fcsseldorw on \u00f6werjov se dem Steff von St. Lamb\u00e4thes. Mer k\u00f6nnde sare: D\u00fcsseldorw h\u00e4t sinne sp\u00e4dere Stadtpatron d\u00f6rch e Schn\u00e4ppche us dem Meddelalder bekomme. \u00c4wer Remajen h\u00e4t vermodlech von \u201eRaub\u201c jesproche.<br>\nD\u00e4 Herzoch doj\u00e4je h\u00e4t wohrschenlech \u201eSecherstellong\u201c jesaht. On en D\u00fcsseldort nannden mr dat am \u00c4ng janz eenfach \u201eTradizzijohn\u201c. Komplett wor de Jeklaute \u00f6wrijens nit. Et Haup von dem Hilleje hant de Jonges us Remaje v\u00f6rher en Secherheet jebraht on bliev met Ongerbrechonge en Remaje. So ess et jekoome, dat d\u00e4 Hilleje quasi op alle beeds St\u00e4dte am Rhing verdeelt wohd: dat jr\u00f6ttsde Deel en D\u00fcsseldorw, d\u00e4 Kopp en Remaje. Rheinesches Metenanger ahbiede soh anno Piefedeckel jett angers us als wies h\u00fct, moss mr fessstelle!<\/p>\n<p>Us d\u00e4 Jeklaute w\u00e4hd ne Stadtpatron<\/p>\n<p>En D\u00fcsseldorw wohde de Kn\u00f6ckskes en St. Lamb\u00e4thes opjehoven. Als lang schon v\u00f6r et Johr 1392 send de Mensche en e fierleche Prozessijohn met denne  Kn\u00f6ckskes von d\u00e4m Appolenaris d\u00f6rch de alde Stadt jetrocke. Dat ess bewiese!<br>\nDomet wor klor: Apollenaris wor nit kohz op ene Sprong vorbei jekoome.<br>\nNoh ene alde m\u00f6ndleje \u00d6werleeverong soll Papst Bonifaz IX. em Johr 1394 de Kn\u00f6ckskes de D\u00fcsseldorwern zojesproche hant. Op dat janz jenau so passeert ess, kannste h\u00fct nit mih secher bel\u00e4je. Sietd\u00e4m w\u00e4hd Apollenaris als wies d\u00e4 Schotzpatron von D\u00fcsseldorp verihrt.<br>\nWenn mer sech de Jeschecht h\u00fct so aans\u00fcht, werkt se e klee besske wedderspr\u00f6chlech: Zoehsch kl\u00e4ut mr eneem angeren Oht de Kn\u00f6ckskes von so nem Hilleje on dann s\u00e4ht mr f\u00f6r d\u00e4m: \u201eSidd ehr so joot on besch\u00f6tzt onser Stadt?\u201c<br>\n\u00c4wer vellech hant se sech en D\u00fcsseldorw jedacht:<br>\n\u201eJezz, wo d\u00e4 Mann ens hee ess, kann h\u00e4 ooch e klee besske op de Stadt achtj\u00e4ve.\u201c<br>\nOn Apollenaris h\u00e4t, so wie et uss\u00fcht, sinne Freed met d\u00e4 Sittewazzijohn jemaht zo han. Jedefalls lieje sinne Kn\u00f6ckskes bes h\u00fctt en ne pr\u00e4chdeje Schrien en dr Basilika vom St. Lamb\u00e4thes \u2013 meddse en dr Altstadt, nit wiet fott von Stelle, an denne D\u00fcsseldorwer rejelm\u00e4\u00dfech bewiese, dat se manchmol faktesch j\u00f6ttleje Help jebruche k\u00f6nne.<\/p>\n<p>Vom Fess von d\u00e4m Hillejen zo de jrooden Kermess<\/p>\n<p>D\u00e4 Dach, an dem mr d\u00e4 hilleje Apollenaris janz besongersch verihre deht, es d\u00e4 23. Juli. Rond \u00f6m dat Datom jov et en D\u00fcsseldorw als schon emmer en Fesswoch met Joddesdeensde, Prozessijohn on fierleje Veranstaldonge.<br>\nAls wies et em Rheinland so \u00f6blich ess, blievt et nat\u00f6rlech nit beem B\u00e4de.<br>\n Wo ne P\u00f6ngel frohe L\u00fcte zusammekoome, duurt et nit lang, bes jirgendeene ne Usschank opm\u00e4kt, ne angere e beeske op dr Lierkass speelt on noh  ene angere frocht, of mr nit wat f\u00f6r de Kengerkes opstelle k\u00f6nnt.<br>\n Dat kerchliche Fess on die n\u00f6teje Versorjong von denne vell Piljere us de wiede Welt ess dr Urspron von dr Tradizzijohn, die h\u00fctt janz eng met de Jr\u00f6ttsde Kermess am Rhing verbonden es. \u201eKermess\u201c k\u00fctt schlee\u00dflech von \u201eKerchmesse\u201c \u2013 also d\u00e4m Fess rond \u00f6m en Kerk odder ene kerchlichen Fierdaach.<br>\nDr\u00f6m d\u00e4t mancheener or mancheene bes h\u00fctt dodr\u00f6wer deskodeere, of de\u201cJr\u00f6ttsde Kermess an d\u00e4m Rhing \u201c eejenslech nit \u201eApollinariskirmes\u201c hee\u00dfe m\u00f6sst. <\/p>\n<p>Ne echter D\u00fcsseldorwer \u2013 wenn, jo wenner och nie hee jel\u00e4vt h\u00e4t<\/p>\n<p>Apollenaris wohd vermotleech en Antiochia jebore, h\u00e4t en Ravenna jewerk, wohd en Remajen verehrt on kom vill Johrhongerte noh sinem Afl\u00e4ve noh D\u00fcsseldorw.<br>\nDomet  ess h\u00e4 eejenslech ne echte D\u00fcsseldorwer:<br>\nH\u00e4 wohd angerschwo jebore, kom erjenswann an de Rhing on blievt dann eenfach hee.<br>\nSiet mieh als wies 600 Johr j\u00e4vt h\u00e4 \u00f6wer  onser Stadt acht \u2013 \u00f6wer St. Lamb\u00e4tes, de Aldestadt, de Sch\u00f6tze, de Kermess on vermotlech ooch \u00f6wer jedereen, d\u00e4 et Morjens noh eenem lange Ovend vers\u00f6hke deht, op em Borchplatz sinne eejene Orjenteerong wiederzofenge.<br>\nOn sollde mr en Remajen bes h\u00fctt e klee besske knahtschech dodr\u00f6wer sin, wie D\u00fcsseldorw zo sinem Schotzpatron jekomme es, kann mr blo\u00df met rheinescher Jelosseheet antwohde:<br>\nWat fott ess, ess fott. Wat he en D\u00fcsseldorw ess, blievt hee.<\/p>\n<p>Text und Korrektur:<br>\nSebastian  Th\u00f6ne &amp; Hans Dieter-Caspers<\/p>\n<p>#PittermannsScholl #D\u00fcsseldorferPlatt #D\u00fcsseldorferMundart #D\u00fcsseldorf #Apollinaris #Stadtpatron #StLambertus #D\u00fcsseldorferAltstadt #Stadtgeschichte #RheinischeGeschichte #Brauchtum #Jr\u00f6ttsteKermessAmRhing<\/p>\n<p><a class=\"button\" href=\"https:\/\/www.facebook.com\/1172899918297356\/posts\/1374622891458390\" target=\"_blank\" rel=\"noopener\">Beitrag auf Facebook ansehen<\/a><\/p>\n\n<div class=\"d4yni-embed d4yni-embed-fbpost\"><div class=\"d4yni-embed-inner\"><iframe src=\"https:\/\/www.facebook.com\/plugins\/post.php?href=https%3A%2F%2Fwww.facebook.com%2F1172899918297356%2Fposts%2F1374622891458390&#038;show_text=false&#038;width=500\" width=\"500\" height=\"680\" style=\"border:none;overflow:hidden\" scrolling=\"no\" frameborder=\"0\" allow=\"autoplay; clipboard-write; encrypted-media; picture-in-picture; web-share\"><\/iframe><\/div><\/div>","protected":false},"excerpt":{"rendered":"<p>Wie D\u00fcsseldorw zo sinne Schotzpatron kom Odder: D\u00e4 Hilleje, den mr en Remaje \u201eafholte\u201c, ohn f\u00f6r zo frare, wann he noh Huus moss D\u00fcsseldorw h\u00e4t bekanntlech Vellerlei: de Rhing, de l\u00e4ngsde Thek op dr Welt, ne scheefe Kerketurem on de &hellip; <a href=\"https:\/\/pittermanns-scholl.de\/index.php\/2026\/09\/05\/wie-duesseldorw-zo-sinne-schotzpatron-kom-91458390\/\">Weiterlesen <span class=\"meta-nav\">&rarr;<\/span><\/a><\/p>\n","protected":false},"author":0,"featured_media":1266,"comment_status":"closed","ping_status":"closed","sticky":false,"template":"","format":"standard","meta":{"h5ap_radio_sources":[],"footnotes":""},"categories":[1],"tags":[],"class_list":["post-1265","post","type-post","status-publish","format-standard","has-post-thumbnail","hentry","category-nochrechte","d4yni-imported"],"_links":{"self":[{"href":"https:\/\/pittermanns-scholl.de\/index.php\/wp-json\/wp\/v2\/posts\/1265","targetHints":{"allow":["GET"]}}],"collection":[{"href":"https:\/\/pittermanns-scholl.de\/index.php\/wp-json\/wp\/v2\/posts"}],"about":[{"href":"https:\/\/pittermanns-scholl.de\/index.php\/wp-json\/wp\/v2\/types\/post"}],"replies":[{"embeddable":true,"href":"https:\/\/pittermanns-scholl.de\/index.php\/wp-json\/wp\/v2\/comments?post=1265"}],"version-history":[{"count":0,"href":"https:\/\/pittermanns-scholl.de\/index.php\/wp-json\/wp\/v2\/posts\/1265\/revisions"}],"wp:featuredmedia":[{"embeddable":true,"href":"https:\/\/pittermanns-scholl.de\/index.php\/wp-json\/wp\/v2\/media\/1266"}],"wp:attachment":[{"href":"https:\/\/pittermanns-scholl.de\/index.php\/wp-json\/wp\/v2\/media?parent=1265"}],"wp:term":[{"taxonomy":"category","embeddable":true,"href":"https:\/\/pittermanns-scholl.de\/index.php\/wp-json\/wp\/v2\/categories?post=1265"},{"taxonomy":"post_tag","embeddable":true,"href":"https:\/\/pittermanns-scholl.de\/index.php\/wp-json\/wp\/v2\/tags?post=1265"}],"curies":[{"name":"wp","href":"https:\/\/api.w.org\/{rel}","templated":true}]}}