{"id":1260,"date":"2026-09-04T07:29:06","date_gmt":"2026-09-04T07:29:06","guid":{"rendered":"https:\/\/pittermanns-scholl.de\/index.php\/2026\/09\/04\/die-pittermanns-scholl-oeffnet-wieder-ihre-tueren-91546360\/"},"modified":"2026-09-04T07:29:06","modified_gmt":"2026-09-04T07:29:06","slug":"die-pittermanns-scholl-oeffnet-wieder-ihre-tueren-91546360","status":"publish","type":"post","link":"https:\/\/pittermanns-scholl.de\/index.php\/2026\/09\/04\/die-pittermanns-scholl-oeffnet-wieder-ihre-tueren-91546360\/","title":{"rendered":"\ud83c\udf93 DIE PITTERMANNS SCHOLL \u00d6FFNET WIEDER IHRE T\u00dcREN!"},"content":{"rendered":"<p>\ud83c\udf93 DIE PITTERMANNS SCHOLL \u00d6FFNET WIEDER IHRE T\u00dcREN!<\/p>\n<p>Heute, am 4. September, ist es wieder so weit: Um 18 Uhr trifft sich die Pittermanns Scholl im Caf\u00e9 Melancholy an der Ecke Martin-\/Germaniastra\u00dfe.<\/p>\n<p>Auf dem Stundenplan stehen nat\u00fcrlich wieder D\u00fcsseldorfer Mundart, spannende Geschichte und jede Menge gute Laune.<\/p>\n<p>Wer gerne teilnehmen m\u00f6chte und sich noch nicht angemeldet hat, kommentiert bitte den entsprechenden Beitrag auf der Seite der Pittermanns Scholl.<\/p>\n<p>Mer freue ons op \u00fcch! \ud83c\udf7b<br>\n@Follower<\/p>\n<p><a class=\"button\" href=\"https:\/\/www.facebook.com\/1172899918297356\/posts\/1373743191546360\" target=\"_blank\" rel=\"noopener\">Beitrag auf Facebook ansehen<\/a><\/p>\n\n<div class=\"d4yni-embed d4yni-embed-fbpost\"><div class=\"d4yni-embed-inner\"><iframe src=\"https:\/\/www.facebook.com\/plugins\/post.php?href=https%3A%2F%2Fwww.facebook.com%2F1172899918297356%2Fposts%2F1373743191546360&#038;show_text=false&#038;width=500\" width=\"500\" height=\"680\" style=\"border:none;overflow:hidden\" scrolling=\"no\" frameborder=\"0\" allow=\"autoplay; clipboard-write; encrypted-media; picture-in-picture; web-share\"><\/iframe><\/div><\/div>","protected":false},"excerpt":{"rendered":"<p>\ud83c\udf93 DIE PITTERMANNS SCHOLL \u00d6FFNET WIEDER IHRE T\u00dcREN! Heute, am 4. September, ist es wieder so weit: Um 18 Uhr trifft sich die Pittermanns Scholl im Caf\u00e9 Melancholy an der Ecke Martin-\/Germaniastra\u00dfe. Auf dem Stundenplan stehen nat\u00fcrlich wieder D\u00fcsseldorfer Mundart, &hellip; <a href=\"https:\/\/pittermanns-scholl.de\/index.php\/2026\/09\/04\/die-pittermanns-scholl-oeffnet-wieder-ihre-tueren-91546360\/\">Weiterlesen <span class=\"meta-nav\">&rarr;<\/span><\/a><\/p>\n","protected":false},"author":0,"featured_media":1261,"comment_status":"closed","ping_status":"closed","sticky":false,"template":"","format":"standard","meta":{"h5ap_radio_sources":[],"footnotes":""},"categories":[1],"tags":[],"class_list":["post-1260","post","type-post","status-publish","format-standard","has-post-thumbnail","hentry","category-nochrechte","d4yni-imported"],"_links":{"self":[{"href":"https:\/\/pittermanns-scholl.de\/index.php\/wp-json\/wp\/v2\/posts\/1260","targetHints":{"allow":["GET"]}}],"collection":[{"href":"https:\/\/pittermanns-scholl.de\/index.php\/wp-json\/wp\/v2\/posts"}],"about":[{"href":"https:\/\/pittermanns-scholl.de\/index.php\/wp-json\/wp\/v2\/types\/post"}],"replies":[{"embeddable":true,"href":"https:\/\/pittermanns-scholl.de\/index.php\/wp-json\/wp\/v2\/comments?post=1260"}],"version-history":[{"count":0,"href":"https:\/\/pittermanns-scholl.de\/index.php\/wp-json\/wp\/v2\/posts\/1260\/revisions"}],"wp:featuredmedia":[{"embeddable":true,"href":"https:\/\/pittermanns-scholl.de\/index.php\/wp-json\/wp\/v2\/media\/1261"}],"wp:attachment":[{"href":"https:\/\/pittermanns-scholl.de\/index.php\/wp-json\/wp\/v2\/media?parent=1260"}],"wp:term":[{"taxonomy":"category","embeddable":true,"href":"https:\/\/pittermanns-scholl.de\/index.php\/wp-json\/wp\/v2\/categories?post=1260"},{"taxonomy":"post_tag","embeddable":true,"href":"https:\/\/pittermanns-scholl.de\/index.php\/wp-json\/wp\/v2\/tags?post=1260"}],"curies":[{"name":"wp","href":"https:\/\/api.w.org\/{rel}","templated":true}]}}